{"id":5203,"date":"2018-10-02T09:42:17","date_gmt":"2018-10-02T07:42:17","guid":{"rendered":"http:\/\/www.hotelsemaforodefisterra.com\/?p=5203"},"modified":"2018-10-02T09:42:34","modified_gmt":"2018-10-02T07:42:34","slug":"bienvenidos-a-mi-hotel-con-primera-parada-o-semaforo-de-fisterra","status":"publish","type":"post","link":"https:\/\/www.hotelsemaforodefisterra.com\/de\/bienvenidos-a-mi-hotel-con-primera-parada-o-semaforo-de-fisterra\/","title":{"rendered":"Bienvenidos a mi Hotel, con Primera parada: O Sem\u00e1foro de Fisterra"},"content":{"rendered":"<h2>Nuestro Sem\u00e1foro ha sido el protagonista del nuevo programa de Cuatro <a href=\"https:\/\/www.cuatro.com\/bienvenidosamihotel\/Percebes-rodaballo-luz-faro-mundo_0_2636025114.html\">Bienvenidos a mi Hotel<\/a><\/h2>\n<p>\u00bfConoc\u00e9is el programa Bienvenidos a mi hotel? El nuevo reality de Cuatro nos presenta cada semana cuatro parejas representantes de hoteles con encanto de toda Espa\u00f1a, compitiendo por ver qui\u00e9n ofrece un mejor servicio e instalaciones.Los concursantes pasan una noche en cada uno de los hoteles y los punt\u00faan al finalizar su estancia; el hotel con mayor puntuaci\u00f3n al final de la semana es el ganador.<\/p>\n<p>O Sem\u00e1foro de Fisterra ha sido la primera parada de dicho programa en d\u00f3nde se han podido ver los servicios y peculiaridades de este establecimiento.<\/p>\n<p>Para comenzar tras conocer la historia y caracter\u00edsticas del hotel, las tres parejas de hu\u00e9spedes de O Sem\u00e1foro, han tenido que escoger de primera mano el producto fresco que iban a degustar, donde hubo desde entusiasmo a algo de reticencia por parte de los concursantes. El producto escogido fue un rodaballo que presidi\u00f3 una cena acompa\u00f1ado de percebes y otro productos de la zona y coronado con una tradicional queimada.<\/p>\n<p>Tras una noche e la que no faltaron ni sesiones esot\u00e9ricas (una de las hu\u00e9spedes realiz\u00f3 una limpieza espiritual de su habitaci\u00f3n), los concursantes finalizaron su jornada con un desayuno\u00a0 que calificaron como &#8222;delicioso&#8220;, los concursantes han dejado una nota provisional de 7,3 al hotel.<\/p>\n<p>As\u00ed termina el primer programa de Bienvenidos a mi Hotel. Para la pr\u00f3xima semana Jes\u00fas y Jacinto, junto a los otros hu\u00e9spedes se alojar\u00e1n en el Hotel Rural Bermellar en Salamanca. \u00bfQui\u00e9n cre\u00e9is que ganar\u00e1 al final de la semana? \u00bfPens\u00e1is que ha sido justa la valoraci\u00f3n? Seguiremos atentos a los dem\u00e1s programas.<\/p>\n<p>&nbsp;<\/p>\n","protected":false},"excerpt":{"rendered":"<p>Nuestro Sem\u00e1foro ha sido el protagonista del nuevo programa de Cuatro Bienvenidos a mi Hotel \u00bfConoc\u00e9is el programa Bienvenidos a [&hellip;]<\/p>\n","protected":false},"author":7,"featured_media":0,"comment_status":"closed","ping_status":"closed","sticky":false,"template":"","format":"standard","meta":{"footnotes":"","_joinchat":[]},"categories":[1],"tags":[],"_links":{"self":[{"href":"https:\/\/www.hotelsemaforodefisterra.com\/de\/wp-json\/wp\/v2\/posts\/5203"}],"collection":[{"href":"https:\/\/www.hotelsemaforodefisterra.com\/de\/wp-json\/wp\/v2\/posts"}],"about":[{"href":"https:\/\/www.hotelsemaforodefisterra.com\/de\/wp-json\/wp\/v2\/types\/post"}],"author":[{"embeddable":true,"href":"https:\/\/www.hotelsemaforodefisterra.com\/de\/wp-json\/wp\/v2\/users\/7"}],"replies":[{"embeddable":true,"href":"https:\/\/www.hotelsemaforodefisterra.com\/de\/wp-json\/wp\/v2\/comments?post=5203"}],"version-history":[{"count":2,"href":"https:\/\/www.hotelsemaforodefisterra.com\/de\/wp-json\/wp\/v2\/posts\/5203\/revisions"}],"predecessor-version":[{"id":5206,"href":"https:\/\/www.hotelsemaforodefisterra.com\/de\/wp-json\/wp\/v2\/posts\/5203\/revisions\/5206"}],"wp:attachment":[{"href":"https:\/\/www.hotelsemaforodefisterra.com\/de\/wp-json\/wp\/v2\/media?parent=5203"}],"wp:term":[{"taxonomy":"category","embeddable":true,"href":"https:\/\/www.hotelsemaforodefisterra.com\/de\/wp-json\/wp\/v2\/categories?post=5203"},{"taxonomy":"post_tag","embeddable":true,"href":"https:\/\/www.hotelsemaforodefisterra.com\/de\/wp-json\/wp\/v2\/tags?post=5203"}],"curies":[{"name":"wp","href":"https:\/\/api.w.org\/{rel}","templated":true}]}}